{"id":272,"date":"2024-08-02T09:27:08","date_gmt":"2024-08-02T07:27:08","guid":{"rendered":"https:\/\/brigittasimon.com\/?p=272"},"modified":"2024-10-16T00:17:00","modified_gmt":"2024-10-15T22:17:00","slug":"new-years-concert-with-the-vienna-classic-orchestra","status":"publish","type":"post","link":"https:\/\/brigittasimon.com\/hu\/new-years-concert-with-the-vienna-classic-orchestra\/","title":{"rendered":"\u00daj\u00e9vi koncert a b\u00e9csi Wienerklassik Zenekarral"},"content":{"rendered":"<p><strong>Mikor:<\/strong> 2024. janu\u00e1r 13., 20:00 \u00d3ra<\/p>\n\n\n\n<p><strong>Hol:<\/strong> D\u00edszterem Dienten (Dorf 22, 5652 Dienten am Hochk\u00f6nig, AT)<\/p>\n\n\n\n<p class=\"gomb-link\"><strong><a href=\"https:\/\/wk.wienerklassik.at\/startseite\/start-en\/\" target=\"_blank\" rel=\"noreferrer noopener\">Inf\u00f3 \u00e9s Jegyv\u00e1s\u00e1rl\u00e1s<\/a><\/strong><\/p>","protected":false},"excerpt":{"rendered":"<p>When: 13th January, 2024, at 8:00 p.m. Where: Festival Hall Dienten (Dorf 22, 5652 Dienten am Hochk\u00f6nig, AT) Info &amp; Ticket<\/p>","protected":false},"author":1,"featured_media":274,"comment_status":"closed","ping_status":"closed","sticky":false,"template":"","format":"standard","meta":{"_acf_changed":false,"footnotes":""},"categories":[1],"tags":[],"class_list":["post-272","post","type-post","status-publish","format-standard","has-post-thumbnail","hentry","category-news"],"acf":[],"_links":{"self":[{"href":"https:\/\/brigittasimon.com\/hu\/wp-json\/wp\/v2\/posts\/272","targetHints":{"allow":["GET"]}}],"collection":[{"href":"https:\/\/brigittasimon.com\/hu\/wp-json\/wp\/v2\/posts"}],"about":[{"href":"https:\/\/brigittasimon.com\/hu\/wp-json\/wp\/v2\/types\/post"}],"author":[{"embeddable":true,"href":"https:\/\/brigittasimon.com\/hu\/wp-json\/wp\/v2\/users\/1"}],"replies":[{"embeddable":true,"href":"https:\/\/brigittasimon.com\/hu\/wp-json\/wp\/v2\/comments?post=272"}],"version-history":[{"count":1,"href":"https:\/\/brigittasimon.com\/hu\/wp-json\/wp\/v2\/posts\/272\/revisions"}],"predecessor-version":[{"id":2063,"href":"https:\/\/brigittasimon.com\/hu\/wp-json\/wp\/v2\/posts\/272\/revisions\/2063"}],"wp:featuredmedia":[{"embeddable":true,"href":"https:\/\/brigittasimon.com\/hu\/wp-json\/wp\/v2\/media\/274"}],"wp:attachment":[{"href":"https:\/\/brigittasimon.com\/hu\/wp-json\/wp\/v2\/media?parent=272"}],"wp:term":[{"taxonomy":"category","embeddable":true,"href":"https:\/\/brigittasimon.com\/hu\/wp-json\/wp\/v2\/categories?post=272"},{"taxonomy":"post_tag","embeddable":true,"href":"https:\/\/brigittasimon.com\/hu\/wp-json\/wp\/v2\/tags?post=272"}],"curies":[{"name":"wp","href":"https:\/\/api.w.org\/{rel}","templated":true}]}}